{"id":1239,"date":"2022-08-10T17:54:56","date_gmt":"2022-08-10T15:54:56","guid":{"rendered":"https:\/\/www.reisetagebuch-podcast.de\/wordpress\/?p=1239"},"modified":"2022-08-10T17:54:57","modified_gmt":"2022-08-10T15:54:57","slug":"schottland-east-highlands-2","status":"publish","type":"post","link":"https:\/\/www.reisetagebuch-podcast.de\/wordpress\/2022\/08\/10\/schottland-east-highlands-2\/","title":{"rendered":"Schottland &#8211; East Highlands"},"content":{"rendered":"\n<p>Hier findet Ihr Zeltpl\u00e4tze n\u00f6rdlich der Linie Glasgow-Edinburgh und \u00f6stlich der Verbindungsstra\u00dfe A9 Edinburgh-Inverness.<\/p>\n\n\n\n<div class=\"wp-block-image\"><figure class=\"aligncenter size-full\"><img loading=\"lazy\" decoding=\"async\" width=\"266\" height=\"480\" src=\"http:\/\/www.reisetagebuch-podcast.de\/wordpress\/wp-content\/uploads\/2022\/08\/east_highlands.png\" alt=\"\" class=\"wp-image-1183\" srcset=\"https:\/\/www.reisetagebuch-podcast.de\/wordpress\/wp-content\/uploads\/2022\/08\/east_highlands.png 266w, https:\/\/www.reisetagebuch-podcast.de\/wordpress\/wp-content\/uploads\/2022\/08\/east_highlands-166x300.png 166w\" sizes=\"auto, (max-width: 266px) 100vw, 266px\" \/><\/figure><\/div>\n","protected":false},"excerpt":{"rendered":"<p>Hier findet Ihr Zeltpl\u00e4tze n\u00f6rdlich der Linie Glasgow-Edinburgh und \u00f6stlich der Verbindungsstra\u00dfe A9 Edinburgh-Inverness.<\/p>\n","protected":false},"author":1,"featured_media":1183,"comment_status":"open","ping_status":"open","sticky":false,"template":"","format":"standard","meta":{"activitypub_content_warning":"","activitypub_content_visibility":"","activitypub_max_image_attachments":3,"activitypub_interaction_policy_quote":"anyone","activitypub_status":"","footnotes":""},"categories":[518],"tags":[61,371,6,3,4,5,60,128,54],"class_list":["post-1239","post","type-post","status-publish","format-standard","has-post-thumbnail","hentry","category-schottland-east-highlands","tag-camping","tag-highlands","tag-reise","tag-schottland","tag-scotland","tag-urlaub","tag-zelt","tag-zelten","tag-zeltplatz"],"_links":{"self":[{"href":"https:\/\/www.reisetagebuch-podcast.de\/wordpress\/wp-json\/wp\/v2\/posts\/1239","targetHints":{"allow":["GET"]}}],"collection":[{"href":"https:\/\/www.reisetagebuch-podcast.de\/wordpress\/wp-json\/wp\/v2\/posts"}],"about":[{"href":"https:\/\/www.reisetagebuch-podcast.de\/wordpress\/wp-json\/wp\/v2\/types\/post"}],"author":[{"embeddable":true,"href":"https:\/\/www.reisetagebuch-podcast.de\/wordpress\/wp-json\/wp\/v2\/users\/1"}],"replies":[{"embeddable":true,"href":"https:\/\/www.reisetagebuch-podcast.de\/wordpress\/wp-json\/wp\/v2\/comments?post=1239"}],"version-history":[{"count":1,"href":"https:\/\/www.reisetagebuch-podcast.de\/wordpress\/wp-json\/wp\/v2\/posts\/1239\/revisions"}],"predecessor-version":[{"id":1240,"href":"https:\/\/www.reisetagebuch-podcast.de\/wordpress\/wp-json\/wp\/v2\/posts\/1239\/revisions\/1240"}],"wp:featuredmedia":[{"embeddable":true,"href":"https:\/\/www.reisetagebuch-podcast.de\/wordpress\/wp-json\/wp\/v2\/media\/1183"}],"wp:attachment":[{"href":"https:\/\/www.reisetagebuch-podcast.de\/wordpress\/wp-json\/wp\/v2\/media?parent=1239"}],"wp:term":[{"taxonomy":"category","embeddable":true,"href":"https:\/\/www.reisetagebuch-podcast.de\/wordpress\/wp-json\/wp\/v2\/categories?post=1239"},{"taxonomy":"post_tag","embeddable":true,"href":"https:\/\/www.reisetagebuch-podcast.de\/wordpress\/wp-json\/wp\/v2\/tags?post=1239"}],"curies":[{"name":"wp","href":"https:\/\/api.w.org\/{rel}","templated":true}]}}