{"id":1371,"date":"2015-10-17T18:29:00","date_gmt":"2015-10-17T16:29:00","guid":{"rendered":"https:\/\/www.reisetagebuch-podcast.de\/wordpress\/?p=1371"},"modified":"2022-08-15T18:33:10","modified_gmt":"2022-08-15T16:33:10","slug":"bunchrew-inverness","status":"publish","type":"post","link":"https:\/\/www.reisetagebuch-podcast.de\/wordpress\/2015\/10\/17\/bunchrew-inverness\/","title":{"rendered":"Bunchrew &#8211; Inverness"},"content":{"rendered":"\n<p><strong>Wo?<\/strong><br>Bunchrew, kurz hinter dem Ortseingangsschild rechts ab an der A862 Richtung Beauly, kurz hinter Inverness<\/p>\n\n\n\n<p><strong>Ausstattung:<\/strong><br>gro\u00dfer Campingplatz mit feststehenden Baracken und teilweise l\u00e4nger geparkten Wohnwagen, aber auch Platz f\u00fcr Campmobile und Zelte direkt am Beauly Firth mit Blick auf die Kessock-Bridge<\/p>\n\n\n\n<p>gute sanit\u00e4re Anlagen, jedoch keine Campingk\u00fcche (Shelter) o.\u00e4. Ein Geb\u00e4ude f\u00fcr \u201ePot wash\u201c gibt es, aber ich bin mir nicht sicher, ob das Geb\u00e4ude, an dem \u201eLaundry\u201c stand, noch zug\u00e4nglich ist, da es nicht so einfach zu finden war\u2026 Wir haben keinen Trockner gebraucht diesmal, aber beim n\u00e4chsten Mal?<\/p>\n\n\n\n<p><strong>Preis:<\/strong><br>13 GBP pro Nacht f\u00fcr 2 Personen, Zelt und Auto<\/p>\n\n\n\n<p><strong>Link:<\/strong><br><a href=\"http:\/\/www.bunchrew-caravanpark.co.uk\/\">http:\/\/www.bunchrew-caravanpark.co.uk<\/a><\/p>\n\n\n\n<p><a href=\"https:\/\/www.openstreetmap.org\/?mlat=57.4825&amp;mlon=-4.3059#map=14\/57.4825\/-4.3059\" target=\"_blank\" rel=\"noreferrer noopener\">Wo ist das?<\/a><\/p>\n\n\n\n<p><strong>Autor:<\/strong> Sunsy<\/p>\n","protected":false},"excerpt":{"rendered":"<p>Wo?Bunchrew, kurz hinter dem Ortseingangsschild rechts ab an der A862 Richtung Beauly, kurz hinter Inverness Ausstattung:gro\u00dfer Campingplatz mit feststehenden Baracken und teilweise l\u00e4nger geparkten Wohnwagen, aber auch Platz f\u00fcr Campmobile und Zelte direkt am Beauly Firth mit Blick auf die &hellip; <a href=\"https:\/\/www.reisetagebuch-podcast.de\/wordpress\/2015\/10\/17\/bunchrew-inverness\/\">Weiterlesen <span class=\"meta-nav\">&rarr;<\/span><\/a><\/p>\n","protected":false},"author":1,"featured_media":0,"comment_status":"open","ping_status":"open","sticky":false,"template":"","format":"standard","meta":{"activitypub_content_warning":"","activitypub_content_visibility":"","activitypub_max_image_attachments":3,"activitypub_interaction_policy_quote":"anyone","activitypub_status":"","footnotes":""},"categories":[524],"tags":[605,604,102,473,61,126,81,90,480,6,3,4,5,60,128,54],"class_list":["post-1371","post","type-post","status-publish","format-standard","hentry","category-schottland-north-highlands","tag-beauly","tag-beauly-firth","tag-bunchrew","tag-camper","tag-camping","tag-caravan","tag-inverness","tag-kessock","tag-morray-firth","tag-reise","tag-schottland","tag-scotland","tag-urlaub","tag-zelt","tag-zelten","tag-zeltplatz"],"_links":{"self":[{"href":"https:\/\/www.reisetagebuch-podcast.de\/wordpress\/wp-json\/wp\/v2\/posts\/1371","targetHints":{"allow":["GET"]}}],"collection":[{"href":"https:\/\/www.reisetagebuch-podcast.de\/wordpress\/wp-json\/wp\/v2\/posts"}],"about":[{"href":"https:\/\/www.reisetagebuch-podcast.de\/wordpress\/wp-json\/wp\/v2\/types\/post"}],"author":[{"embeddable":true,"href":"https:\/\/www.reisetagebuch-podcast.de\/wordpress\/wp-json\/wp\/v2\/users\/1"}],"replies":[{"embeddable":true,"href":"https:\/\/www.reisetagebuch-podcast.de\/wordpress\/wp-json\/wp\/v2\/comments?post=1371"}],"version-history":[{"count":1,"href":"https:\/\/www.reisetagebuch-podcast.de\/wordpress\/wp-json\/wp\/v2\/posts\/1371\/revisions"}],"predecessor-version":[{"id":1372,"href":"https:\/\/www.reisetagebuch-podcast.de\/wordpress\/wp-json\/wp\/v2\/posts\/1371\/revisions\/1372"}],"wp:attachment":[{"href":"https:\/\/www.reisetagebuch-podcast.de\/wordpress\/wp-json\/wp\/v2\/media?parent=1371"}],"wp:term":[{"taxonomy":"category","embeddable":true,"href":"https:\/\/www.reisetagebuch-podcast.de\/wordpress\/wp-json\/wp\/v2\/categories?post=1371"},{"taxonomy":"post_tag","embeddable":true,"href":"https:\/\/www.reisetagebuch-podcast.de\/wordpress\/wp-json\/wp\/v2\/tags?post=1371"}],"curies":[{"name":"wp","href":"https:\/\/api.w.org\/{rel}","templated":true}]}}