{"id":1479,"date":"2021-01-11T21:15:00","date_gmt":"2021-01-11T20:15:00","guid":{"rendered":"https:\/\/www.reisetagebuch-podcast.de\/wordpress\/?p=1479"},"modified":"2022-09-10T21:19:19","modified_gmt":"2022-09-10T19:19:19","slug":"ryan-bay-stranraer","status":"publish","type":"post","link":"https:\/\/www.reisetagebuch-podcast.de\/wordpress\/2021\/01\/11\/ryan-bay-stranraer\/","title":{"rendered":"Ryan Bay &#8211; Stranraer"},"content":{"rendered":"\n<p><strong>Wo?<\/strong><br>Stranrear, A77 &#8211;&gt; Ayr, noch in der Bucht links der Hauptstra\u00dfe<\/p>\n\n\n\n<p><strong>Ausstattung:<\/strong><br>Alt! Und ungepflegt, leider. Aber es ist Haupts\u00e4chlich ein Caravanplatz.<br>Es gibt eine Wiese f\u00fcr Zelte direkt an der A77<\/p>\n\n\n\n<p><strong>Preis:<\/strong><br>9 Pfund, 2 Pers. WoMo<\/p>\n\n\n\n<p><strong>Wann war ich da?<\/strong><br>Juli 2006<\/p>\n\n\n\n<p><strong>Link:<\/strong><br><a href=\"http:\/\/www.streetmap.co.uk\/map.srf?x=208555&amp;y=562880&amp;z=120&amp;sv=208555,562880&amp;st=4&amp;ar=y&amp;mapp=map.srf&amp;searchp=ids.srf&amp;dn=835&amp;ax=208555&amp;ay=562880&amp;lm=0\" target=\"_blank\" rel=\"noreferrer noopener\">Wo ist das??? Blick auf die Karte<\/a><br><a href=\"https:\/\/alanrogers.com\/campsite\/ryan-bay-caravan-park-uk6935\">https:\/\/alanrogers.com<\/a><br><a href=\"https:\/\/www.flickr.com\/search\/?text=Ryan%20Bay%20-%20Stranraer\">Ryan Bay &#8211; Stranraer auf Flickr<\/a><\/p>\n\n\n\n<p><strong>Sonstiges\/Tips:<\/strong><br>The Rhins, einsame und sch\u00f6ne Halbinsel, am sch\u00f6nsten: Port Logan und Portpatrick<br>Corsewall Pt, Lighthouse mit Zimmervermietung<\/p>\n\n\n\n<p><strong>Autor:<\/strong> MacDubh<\/p>\n","protected":false},"excerpt":{"rendered":"<p>Wo?Stranrear, A77 &#8211;&gt; Ayr, noch in der Bucht links der Hauptstra\u00dfe Ausstattung:Alt! Und ungepflegt, leider. Aber es ist Haupts\u00e4chlich ein Caravanplatz.Es gibt eine Wiese f\u00fcr Zelte direkt an der A77 Preis:9 Pfund, 2 Pers. WoMo Wann war ich da?Juli 2006 &hellip; <a href=\"https:\/\/www.reisetagebuch-podcast.de\/wordpress\/2021\/01\/11\/ryan-bay-stranraer\/\">Weiterlesen <span class=\"meta-nav\">&rarr;<\/span><\/a><\/p>\n","protected":false},"author":1,"featured_media":0,"comment_status":"open","ping_status":"open","sticky":false,"template":"","format":"standard","meta":{"activitypub_content_warning":"","activitypub_content_visibility":"","activitypub_max_image_attachments":3,"activitypub_interaction_policy_quote":"anyone","activitypub_status":"","footnotes":""},"categories":[663],"tags":[61,126,6,692,3,4,693,139,5,60,128,54],"class_list":["post-1479","post","type-post","status-publish","format-standard","hentry","category-zeltplaetze-in-den-lowlands","tag-camping","tag-caravan","tag-reise","tag-ryan-bay","tag-schottland","tag-scotland","tag-stranraer","tag-tent","tag-urlaub","tag-zelt","tag-zelten","tag-zeltplatz"],"_links":{"self":[{"href":"https:\/\/www.reisetagebuch-podcast.de\/wordpress\/wp-json\/wp\/v2\/posts\/1479","targetHints":{"allow":["GET"]}}],"collection":[{"href":"https:\/\/www.reisetagebuch-podcast.de\/wordpress\/wp-json\/wp\/v2\/posts"}],"about":[{"href":"https:\/\/www.reisetagebuch-podcast.de\/wordpress\/wp-json\/wp\/v2\/types\/post"}],"author":[{"embeddable":true,"href":"https:\/\/www.reisetagebuch-podcast.de\/wordpress\/wp-json\/wp\/v2\/users\/1"}],"replies":[{"embeddable":true,"href":"https:\/\/www.reisetagebuch-podcast.de\/wordpress\/wp-json\/wp\/v2\/comments?post=1479"}],"version-history":[{"count":1,"href":"https:\/\/www.reisetagebuch-podcast.de\/wordpress\/wp-json\/wp\/v2\/posts\/1479\/revisions"}],"predecessor-version":[{"id":1480,"href":"https:\/\/www.reisetagebuch-podcast.de\/wordpress\/wp-json\/wp\/v2\/posts\/1479\/revisions\/1480"}],"wp:attachment":[{"href":"https:\/\/www.reisetagebuch-podcast.de\/wordpress\/wp-json\/wp\/v2\/media?parent=1479"}],"wp:term":[{"taxonomy":"category","embeddable":true,"href":"https:\/\/www.reisetagebuch-podcast.de\/wordpress\/wp-json\/wp\/v2\/categories?post=1479"},{"taxonomy":"post_tag","embeddable":true,"href":"https:\/\/www.reisetagebuch-podcast.de\/wordpress\/wp-json\/wp\/v2\/tags?post=1479"}],"curies":[{"name":"wp","href":"https:\/\/api.w.org\/{rel}","templated":true}]}}